{"id":7399,"date":"2026-06-01T22:48:15","date_gmt":"2026-06-01T20:48:15","guid":{"rendered":"https:\/\/krakowchanka.eu\/?p=7399"},"modified":"2026-06-01T22:52:35","modified_gmt":"2026-06-01T20:52:35","slug":"marka-moda-polska-jak-polska-stworzyla-swoja-wysoka-mode","status":"publish","type":"post","link":"https:\/\/krakowchanka.eu\/pl\/eternal-7399-marka-moda-polska-jak-polska-stworzyla-swoja-wysoka-mode","title":{"rendered":"Marka \u201eModa Polska\u201d: jak Polska stworzy\u0142a swoj\u0105 wysok\u0105 mod\u0119"},"content":{"rendered":"\n<p>Wi\u0119kszo\u015b\u0107 mieszka\u0144c\u00f3w Krakowa kojarzy Polsk\u0119 Ludow\u0105 z pustymi p\u00f3\u0142kami, nieko\u0144cz\u0105cymi si\u0119 kolejkami i ci\u0105g\u0142ym \u201epolowaniem\u201d na podstawowe artyku\u0142y codziennego u\u017cytku. By\u0142a jednak i druga strona medalu. Po II wojnie \u015bwiatowej kraj zacz\u0105\u0142 uwa\u017cniej spogl\u0105da\u0107 na Zach\u00f3d \u2013 nie tylko przez pryzmat polityki czy gospodarki, ale r\u00f3wnie\u017c poprzez codzienn\u0105 proz\u0119 \u017cycia. Co wi\u0119cej, w kraju zacz\u0119\u0142y powstawa\u0107 <strong>rodzime marki, kt\u00f3re z powodzeniem podbi\u0142y nie tylko krajowy rynek<\/strong>, pisze portal <a href=\"http:\/\/krakowchanka.eu\" data-type=\"link\" data-id=\"krakowchanka.eu\">krakowchanka.eu<\/a>.<\/p>\n\n\n\n<p>Ton tej nowej fali nada\u0142o przedsi\u0119biorstwo pa\u0144stwowe \u201eModa Polska\u201d, utworzone w 1958 roku w Warszawie. Ta pa\u0144stwowa marka szybko sta\u0142a si\u0119 symbolem presti\u017cu i namiastk\u0105 zachodniego luksusu, a przed jej salonami ustawia\u0142y si\u0119 gigantyczne kolejki. W Krakowie jeden z takich sklep\u00f3w otwarto w latach 70. w Nowej Hucie, na placu Centralnym. Dla krakowianek by\u0142o to nie tylko miejsce, gdzie mo\u017cna by\u0142o zdoby\u0107 ekskluzywne towary. Dawa\u0142o ono r\u00f3wnie\u017c silne poczucie, \u017ce <strong>\u017celazna kurtyna przestaje by\u0107 barier\u0105 nie do przebicia<\/strong>.<\/p>\n\n\n\n<div id=\"ez-toc-container\" class=\"ez-toc-v2_0_74 counter-hierarchy ez-toc-counter ez-toc-custom ez-toc-container-direction\">\n<label for=\"ez-toc-cssicon-toggle-item-6a9656b343564\" class=\"ez-toc-cssicon-toggle-label\"><span class=\"\"><span class=\"eztoc-hide\" style=\"display:none;\">Toggle<\/span><span class=\"ez-toc-icon-toggle-span\"><svg style=\"fill: #090909;color:#090909\" xmlns=\"http:\/\/www.w3.org\/2000\/svg\" class=\"list-377408\" width=\"20px\" height=\"20px\" viewBox=\"0 0 24 24\" fill=\"none\"><path d=\"M6 6H4v2h2V6zm14 0H8v2h12V6zM4 11h2v2H4v-2zm16 0H8v2h12v-2zM4 16h2v2H4v-2zm16 0H8v2h12v-2z\" fill=\"currentColor\"><\/path><\/svg><svg style=\"fill: #090909;color:#090909\" class=\"arrow-unsorted-368013\" xmlns=\"http:\/\/www.w3.org\/2000\/svg\" width=\"10px\" height=\"10px\" viewBox=\"0 0 24 24\" version=\"1.2\" baseProfile=\"tiny\"><path d=\"M18.2 9.3l-6.2-6.3-6.2 6.3c-.2.2-.3.4-.3.7s.1.5.3.7c.2.2.4.3.7.3h11c.3 0 .5-.1.7-.3.2-.2.3-.5.3-.7s-.1-.5-.3-.7zM5.8 14.7l6.2 6.3 6.2-6.3c.2-.2.3-.5.3-.7s-.1-.5-.3-.7c-.2-.2-.4-.3-.7-.3h-11c-.3 0-.5.1-.7.3-.2.2-.3.5-.3.7s.1.5.3.7z\"\/><\/svg><\/span><\/span><\/label><input type=\"checkbox\"  id=\"ez-toc-cssicon-toggle-item-6a9656b343564\"  aria-label=\"Toggle\" \/><nav><ul class='ez-toc-list ez-toc-list-level-1 ' ><li class='ez-toc-page-1 ez-toc-heading-level-2'><a class=\"ez-toc-link ez-toc-heading-1\" href=\"https:\/\/krakowchanka.eu\/pl\/eternal-7399-marka-moda-polska-jak-polska-stworzyla-swoja-wysoka-mode\/#Jak_deficyt_stworzyl_kult_mody_w_Polsce\" >Jak deficyt stworzy\u0142 kult mody w Polsce?<\/a><\/li><li class='ez-toc-page-1 ez-toc-heading-level-2'><a class=\"ez-toc-link ez-toc-heading-2\" href=\"https:\/\/krakowchanka.eu\/pl\/eternal-7399-marka-moda-polska-jak-polska-stworzyla-swoja-wysoka-mode\/#Jak_%E2%80%9EModa_Polska%E2%80%9D_pokazywala_swiatu_inny_kraj\" >Jak \u201eModa Polska\u201d pokazywa\u0142a \u015bwiatu inny kraj<\/a><\/li><li class='ez-toc-page-1 ez-toc-heading-level-2'><a class=\"ez-toc-link ez-toc-heading-3\" href=\"https:\/\/krakowchanka.eu\/pl\/eternal-7399-marka-moda-polska-jak-polska-stworzyla-swoja-wysoka-mode\/#Dlaczego_przed_salonami_%E2%80%9EMody_Polskiej%E2%80%9D_ustawialy_sie_kolejki\" >Dlaczego przed salonami \u201eMody Polskiej\u201d ustawia\u0142y si\u0119 kolejki?<\/a><\/li><li class='ez-toc-page-1 ez-toc-heading-level-2'><a class=\"ez-toc-link ez-toc-heading-4\" href=\"https:\/\/krakowchanka.eu\/pl\/eternal-7399-marka-moda-polska-jak-polska-stworzyla-swoja-wysoka-mode\/#Jak_Jadwiga_Grabowska_stworzyla_%E2%80%9EMode_Polska%E2%80%9D\" >Jak Jadwiga Grabowska stworzy\u0142a \u201eMod\u0119 Polsk\u0105\u201d<\/a><\/li><li class='ez-toc-page-1 ez-toc-heading-level-2'><a class=\"ez-toc-link ez-toc-heading-5\" href=\"https:\/\/krakowchanka.eu\/pl\/eternal-7399-marka-moda-polska-jak-polska-stworzyla-swoja-wysoka-mode\/#Od_%E2%80%9EFeniksa%E2%80%9D_do_%E2%80%9EMody_Polskiej%E2%80%9D\" >Od \u201eFeniksa\u201d do \u201eMody Polskiej\u201d<\/a><\/li><li class='ez-toc-page-1 ez-toc-heading-level-2'><a class=\"ez-toc-link ez-toc-heading-6\" href=\"https:\/\/krakowchanka.eu\/pl\/eternal-7399-marka-moda-polska-jak-polska-stworzyla-swoja-wysoka-mode\/#Jak_kreacje_%E2%80%9EMody_Polskiej%E2%80%9D_staly_sie_symbolem_epoki\" >Jak kreacje \u201eMody Polskiej\u201d sta\u0142y si\u0119 symbolem epoki?<\/a><\/li><li class='ez-toc-page-1 ez-toc-heading-level-2'><a class=\"ez-toc-link ez-toc-heading-7\" href=\"https:\/\/krakowchanka.eu\/pl\/eternal-7399-marka-moda-polska-jak-polska-stworzyla-swoja-wysoka-mode\/#Jak_zagraniczne_marki_wyparly_%E2%80%9EMode_Polska%E2%80%9D\" >Jak zagraniczne marki wypar\u0142y \u201eMod\u0119 Polsk\u0105\u201d?<\/a><\/li><\/ul><\/nav><\/div>\n<h2 class=\"wp-block-heading\"><span class=\"ez-toc-section\" id=\"Jak_deficyt_stworzyl_kult_mody_w_Polsce\"><\/span>Jak deficyt stworzy\u0142 kult mody w Polsce?<span class=\"ez-toc-section-end\"><\/span><\/h2>\n\n\n\n<figure class=\"wp-block-image size-full\"><img loading=\"lazy\" decoding=\"async\" width=\"647\" height=\"471\" src=\"https:\/\/cdn.krakowchanka.eu\/wp-content\/uploads\/sites\/44\/2026\/06\/image-66.png\" alt=\"\" class=\"wp-image-7357\" srcset=\"https:\/\/cdn.krakowchanka.eu\/wp-content\/uploads\/sites\/44\/2026\/06\/image-66.png 647w, https:\/\/cdn.krakowchanka.eu\/wp-content\/uploads\/sites\/44\/2026\/06\/image-66-300x218.png 300w\" sizes=\"auto, (max-width: 647px) 100vw, 647px\" \/><\/figure>\n\n\n\n<p>W latach 70. moda sta\u0142a si\u0119 dla Polak\u00f3w <strong>swoist\u0105 ucieczk\u0105 od szarej rzeczywisto\u015bci<\/strong>. Pragnienie zdobycia stylowego \u017cakietu czy flakonu zagranicznych perfum potrafi\u0142o prowadzi\u0107 do kuriozalnych sytuacji. W salonach \u201eMody Polskiej\u201d dochodzi\u0142o do tego, \u017ce ubrania \u015bci\u0105gano bezpo\u015brednio z manekin\u00f3w wystawowych, bo na zakup upatrzonej rzeczy mog\u0142a ju\u017c nie powt\u00f3rzy\u0107 si\u0119 okazja. Przedsi\u0119biorstwo pa\u0144stwowe \u201eModa Polska\u201d by\u0142o nie tylko najbardziej wp\u0142ywowym domem mody w powojennej Polsce, ale te\u017c pr\u00f3b\u0105 udowodnienia, \u017ce kraj socjalistyczny potrafi odnale\u017a\u0107 si\u0119 w \u015bwiecie haute couture. W 1958 roku Ministerstwo Handlu Wewn\u0119trznego powo\u0142a\u0142o t\u0119 mark\u0119 jako <strong>narz\u0119dzie budowania presti\u017cu i wizerunku pa\u0144stwa<\/strong>.<\/p>\n\n\n\n<p>Kluczowymi postaciami stoj\u0105cymi za sukcesem marki by\u0142y:<\/p>\n\n\n\n<ul class=\"wp-block-list\">\n<li>Jadwiga Grabowska,<\/li>\n\n\n\n<li>Kaja Mirecka-Ploss.<\/li>\n<\/ul>\n\n\n\n<p>Druga z nich prze\u017cy\u0142a ob\u00f3z koncentracyjny, a po wojnie wyjecha\u0142a do Londynu, by studiowa\u0107 projektowanie w presti\u017cowej szkole Central Saint Martins (Central Saint Martins College of Art and Design). To od samego pocz\u0105tku zapewni\u0142o projektowi wysoki poziom startowy. Przedsi\u0119wzi\u0119cie nie ogranicza\u0142o si\u0119 do zaspokajania podstawowych potrzeb rynku, lecz mia\u0142o <strong>kreowa\u0107 wizerunek kraju na arenie mi\u0119dzynarodowej<\/strong>.<\/p>\n\n\n\n<h2 class=\"wp-block-heading\"><span class=\"ez-toc-section\" id=\"Jak_%E2%80%9EModa_Polska%E2%80%9D_pokazywala_swiatu_inny_kraj\"><\/span>Jak \u201eModa Polska\u201d pokazywa\u0142a \u015bwiatu inny kraj<span class=\"ez-toc-section-end\"><\/span><\/h2>\n\n\n\n<figure class=\"wp-block-image size-full\"><img loading=\"lazy\" decoding=\"async\" width=\"432\" height=\"544\" src=\"https:\/\/cdn.krakowchanka.eu\/wp-content\/uploads\/sites\/44\/2026\/06\/image-67.png\" alt=\"\" class=\"wp-image-7360\" srcset=\"https:\/\/cdn.krakowchanka.eu\/wp-content\/uploads\/sites\/44\/2026\/06\/image-67.png 432w, https:\/\/cdn.krakowchanka.eu\/wp-content\/uploads\/sites\/44\/2026\/06\/image-67-238x300.png 238w\" sizes=\"auto, (max-width: 432px) 100vw, 432px\" \/><\/figure>\n\n\n\n<p>Kolekcje \u201eMody Polskiej\u201d <strong>jaskrawo kontrastowa\u0142y z szar\u0105 codzienno\u015bci\u0105 gospodarki niedoboru<\/strong>. Z tego wzgl\u0119du traktowano je przede wszystkim jako \u201eokno na \u015bwiat\u201d. Pokazy organizowano za granic\u0105, by zaprezentowa\u0107 inn\u0105 twarz kraju \u2013 nie t\u0119 kojarz\u0105c\u0105 si\u0119 z kolejkami i brakami w sklepach, lecz nowoczesn\u0105, eleganck\u0105 i stylow\u0105. R\u00f3wnolegle odbywa\u0142y si\u0119 zamkni\u0119te prezentacje dla \u017con dygnitarzy pa\u0144stwowych, a cz\u0119\u015b\u0107 asortymentu trafia\u0142a na rynki zagraniczne.<\/p>\n\n\n\n<p>Wybrane kolekcje \u201eMody Polskiej\u201d eksportowano do:<\/p>\n\n\n\n<ul class=\"wp-block-list\">\n<li>Finlandii,<\/li>\n\n\n\n<li>Niemiec,<\/li>\n\n\n\n<li>Wielkiej Brytanii.<\/li>\n<\/ul>\n\n\n\n<p>Osobn\u0105 kategori\u0119 stanowi\u0142y zam\u00f3wienia indywidualne dla kobiet z elity politycznej bloku wschodniego. Kreacje marki nosi\u0142a m.in. \u017cona jugos\u0142owia\u0144skiego przyw\u00f3dcy Josipa Broza Tito \u2013 Jovanka Broz. Mia\u0142o to niewiele wsp\u00f3lnego z mod\u0105 w klasycznym rozumieniu. By\u0142 to raczej <strong>subtelny sygna\u0142 polityczny<\/strong>: poprzez eleganckie suknie i wysokiej jako\u015bci tkaniny demonstrowano \u015bwiatu po\u017c\u0105dan\u0105 wersj\u0119 wizerunku pa\u0144stwa.<\/p>\n\n\n\n<h2 class=\"wp-block-heading\"><span class=\"ez-toc-section\" id=\"Dlaczego_przed_salonami_%E2%80%9EMody_Polskiej%E2%80%9D_ustawialy_sie_kolejki\"><\/span>Dlaczego przed salonami \u201eMody Polskiej\u201d ustawia\u0142y si\u0119 kolejki?<span class=\"ez-toc-section-end\"><\/span><\/h2>\n\n\n\n<figure class=\"wp-block-image size-full\"><img loading=\"lazy\" decoding=\"async\" width=\"585\" height=\"422\" src=\"https:\/\/cdn.krakowchanka.eu\/wp-content\/uploads\/sites\/44\/2026\/06\/image-68.png\" alt=\"\" class=\"wp-image-7363\" srcset=\"https:\/\/cdn.krakowchanka.eu\/wp-content\/uploads\/sites\/44\/2026\/06\/image-68.png 585w, https:\/\/cdn.krakowchanka.eu\/wp-content\/uploads\/sites\/44\/2026\/06\/image-68-300x216.png 300w\" sizes=\"auto, (max-width: 585px) 100vw, 585px\" \/><\/figure>\n\n\n\n<p>Cho\u0107 kolekcje wybiegowe \u201eMody Polskiej\u201d rzadko trafia\u0142y do regularnej sprzeda\u017cy, odgrywa\u0142y kluczow\u0105 rol\u0119 na rynku. Nie by\u0142y to ubrania do noszenia na co dzie\u0144, lecz wzorce, na kt\u00f3rych mia\u0142y opiera\u0107 si\u0119 zak\u0142ady odzie\u017cowe w ca\u0142ym kraju. Wybieg \u017cy\u0142 w\u0142asnym \u017cyciem, a masowa produkcja kopiowa\u0142a te modele w znacznie uproszczonej wersji. Tworzy\u0142o to ciekaw\u0105 sytuacj\u0119: <strong>to, co pokazywano jako haute couture, stawa\u0142o si\u0119 technicznym szablonem dla masowej konfekcji<\/strong>.<\/p>\n\n\n\n<p>Kiedy jednak w sklepach pojawia\u0142y si\u0119 limitowane serie, sytuacja zmienia\u0142a si\u0119 diametralnie. Przed salonem \u201eMody Polskiej\u201d w Krakowie i innych miastach natychmiast formowa\u0142y si\u0119 gigantyczne kolejki. <strong>Szansa na zdobycie unikalnej rzeczy \u201ez wybiegu\u201d zdarza\u0142a si\u0119 niezwykle rzadko<\/strong>. Miasto na kilka dni zmienia\u0142o sw\u00f3j rytm \u2013 wszystko kr\u0119ci\u0142o si\u0119 wok\u00f3\u0142 mody. Krakowianki godzinami sta\u0142y w ogonkach, zmieniaj\u0105c si\u0119 z bliskimi, byle tylko \u201eupolowa\u0107\u201d upragnion\u0105 kreacj\u0119. <strong>Wszelkie inne codzienne obowi\u0105zki schodzi\u0142y wtedy na dalszy plan<\/strong>.<\/p>\n\n\n\n<h2 class=\"wp-block-heading\"><span class=\"ez-toc-section\" id=\"Jak_Jadwiga_Grabowska_stworzyla_%E2%80%9EMode_Polska%E2%80%9D\"><\/span>Jak Jadwiga Grabowska stworzy\u0142a \u201eMod\u0119 Polsk\u0105\u201d<span class=\"ez-toc-section-end\"><\/span><\/h2>\n\n\n\n<figure class=\"wp-block-image size-full\"><img loading=\"lazy\" decoding=\"async\" width=\"533\" height=\"512\" src=\"https:\/\/cdn.krakowchanka.eu\/wp-content\/uploads\/sites\/44\/2026\/06\/image-69.png\" alt=\"\" class=\"wp-image-7366\" srcset=\"https:\/\/cdn.krakowchanka.eu\/wp-content\/uploads\/sites\/44\/2026\/06\/image-69.png 533w, https:\/\/cdn.krakowchanka.eu\/wp-content\/uploads\/sites\/44\/2026\/06\/image-69-300x288.png 300w\" sizes=\"auto, (max-width: 533px) 100vw, 533px\" \/><\/figure>\n\n\n\n<p><em>Fot. Za\u0142o\u017cycielka marki \u201eModa Polska\u201d, Jadwiga Grabowska<\/em><\/p>\n\n\n\n<p>To Jadwig\u0119 Grabowsk\u0105 uznaje si\u0119 za tw\u00f3rczyni\u0119 \u201eMody Polskiej\u201d \u2013 to ona <strong>scali\u0142a rozproszone elementy powojennego przemys\u0142u odzie\u017cowego w sp\u00f3jny system<\/strong>. Pochodzi\u0142a ze znanej i zamo\u017cnej warszawskiej rodziny Seidenbeutel\u00f3w. Przed II wojn\u0105 \u015bwiatow\u0105 pracowa\u0142a jako t\u0142umaczka oraz dziennikarka w pi\u015bmie \u201eKobieta w \u015awiecie i w Domu\u201d. Projektowania ubioru uczy\u0142a si\u0119 w Pary\u017cu. To w\u0142a\u015bnie tam zdobyte do\u015bwiadczenie sta\u0142o si\u0119 <strong>jej najcenniejszym kapita\u0142em w kraju, gdzie moda musia\u0142a mierzy\u0107 si\u0119 z ograniczeniami ekonomicznymi i politycznymi<\/strong>.<\/p>\n\n\n\n<p>Wsp\u00f3\u0142cze\u015bni zapami\u0119tali Grabowsk\u0105 jako:<\/p>\n\n\n\n<ul class=\"wp-block-list\">\n<li>wymagaj\u0105c\u0105 i tward\u0105 szefow\u0105, kt\u00f3ra doskonale zna\u0142a sw\u00f3j fach i zawsze d\u0105\u017cy\u0142a do celu,<\/li>\n\n\n\n<li>niezwykle charyzmatyczn\u0105 kobiet\u0119, potrafi\u0105c\u0105 \u201eprzepchn\u0105\u0107\u201d mod\u0119 przez socjalistyczn\u0105 biurokracj\u0119 i zmusi\u0107 pa\u0144stwowe instytucje do wspierania nowoczesnego designu.<\/li>\n<\/ul>\n\n\n\n<p>Grabowska by\u0142a zorientowana na Europ\u0119 Zachodni\u0105. \u015aledzi\u0142a najnowsze trendy i regularnie wyje\u017cd\u017ca\u0142a za granic\u0119, by zdobywa\u0107 tkaniny oraz dodatki krawieckie niedost\u0119pne w kraju. Dzi\u0119ki jej niezwyk\u0142ej determinacji \u201eModa Polska\u201d nie sta\u0142a si\u0119 kolejn\u0105 lokaln\u0105 sp\u00f3\u0142dzielni\u0105, lecz udan\u0105 pr\u00f3b\u0105 <strong>zsynchronizowania krajowej mody z rytmem europejskim<\/strong> \u2013 na tyle, na ile pozwala\u0142y \u00f3wczesne realia. To w\u0142a\u015bnie jej przypisuje si\u0119 r\u00f3wnie\u017c inicjatyw\u0119 otwarcia salonu w Krakowie.<\/p>\n\n\n\n<h2 class=\"wp-block-heading\"><span class=\"ez-toc-section\" id=\"Od_%E2%80%9EFeniksa%E2%80%9D_do_%E2%80%9EMody_Polskiej%E2%80%9D\"><\/span>Od \u201eFeniksa\u201d do \u201eMody Polskiej\u201d<span class=\"ez-toc-section-end\"><\/span><\/h2>\n\n\n\n<p>Po zako\u0144czeniu wojny Grabowska otworzy\u0142a w Warszawie, przy ulicy Marsza\u0142kowskiej, dom mody \u201eFeniks\u201d. Od 1957 roku kierowa\u0142a salonem mody \u201eEwa\u201d, a rok p\u00f3\u017aniej po\u0142\u0105czy\u0142a go z przedsi\u0119biorstwem handlowym \u201eGallux\u201d. To w\u0142a\u015bnie na bazie tych podmiot\u00f3w narodzi\u0142a si\u0119 \u201eModa Polska\u201d. Jako dyrektor artystyczna pani Jadwiga kierowa\u0142a firm\u0105 do 1967 roku, nieustannie <strong>balansuj\u0105c mi\u0119dzy artystyczn\u0105 wizj\u0105 a narzucanymi przez system ograniczeniami biurokratycznymi<\/strong>.<\/p>\n\n\n\n<h2 class=\"wp-block-heading\"><span class=\"ez-toc-section\" id=\"Jak_kreacje_%E2%80%9EMody_Polskiej%E2%80%9D_staly_sie_symbolem_epoki\"><\/span>Jak kreacje \u201eMody Polskiej\u201d sta\u0142y si\u0119 symbolem epoki?<span class=\"ez-toc-section-end\"><\/span><\/h2>\n\n\n\n<figure class=\"wp-block-image size-full\"><img loading=\"lazy\" decoding=\"async\" width=\"647\" height=\"424\" src=\"https:\/\/cdn.krakowchanka.eu\/wp-content\/uploads\/sites\/44\/2026\/06\/image-70.png\" alt=\"\" class=\"wp-image-7369\" srcset=\"https:\/\/cdn.krakowchanka.eu\/wp-content\/uploads\/sites\/44\/2026\/06\/image-70.png 647w, https:\/\/cdn.krakowchanka.eu\/wp-content\/uploads\/sites\/44\/2026\/06\/image-70-300x197.png 300w\" sizes=\"auto, (max-width: 647px) 100vw, 647px\" \/><\/figure>\n\n\n\n<p>W ofercie \u201eMody Polskiej\u201d nie by\u0142o przypadkowych ubra\u0144. Ka\u017cdy model mia\u0142 wyci\u0105ga\u0107 polsk\u0105 mod\u0119 z szarzyzny i nadawa\u0107 jej europejski sznyt. Nie by\u0142 to jednak luksus w czystej postaci, lecz <strong>kontrolowana elegancja<\/strong>. Projekty dostosowywano do lokalnych reali\u00f3w \u2013 niedoboru surowc\u00f3w, ograniczonego importu i sta\u0142ej presji polityczno-ekonomicznej.<\/p>\n\n\n\n<p>Suknie i kreacje tej kultowej marki wyr\u00f3\u017cnia\u0142y si\u0119 okre\u015blonymi cechami:<\/p>\n\n\n\n<ul class=\"wp-block-list\">\n<li><strong>wyrazista linia sylwetki<\/strong> \u2013 ubrania doskonale trzyma\u0142y form\u0119, k\u0142ad\u0105c akcent na ramiona lub tali\u0119;<\/li>\n\n\n\n<li><strong>minimalizm detali<\/strong> \u2013 ka\u017cdy guzik czy przeszycie mia\u0142o swoj\u0105 funkcj\u0119, unikano zb\u0119dnych ozdobnik\u00f3w;<\/li>\n\n\n\n<li><strong>zachodnie trendy przez pryzmat reali\u00f3w<\/strong> \u2013 paryskie czy londy\u0144skie nowinki adaptowano do mo\u017cliwo\u015bci krajowych surowc\u00f3w;<\/li>\n\n\n\n<li><strong>perfekcyjne dopasowanie<\/strong> \u2013 ubrania szyto z my\u015bl\u0105 o konkretnych proporcjach, unikaj\u0105c u\u015brednionych, masowych standard\u00f3w;<\/li>\n\n\n\n<li><strong>pow\u015bci\u0105gliwa dekoracyjno\u015b\u0107<\/strong> \u2013 wprowadzano wyraziste akcenty kolorystyczne, dbaj\u0105c jednak o to, by nie przyt\u0142oczy\u0107 sylwetki;<\/li>\n\n\n\n<li><strong>uniwersalna elegancja u podstaw<\/strong> \u2013 wi\u0119kszo\u015b\u0107 modeli projektowano tak, by pasowa\u0142y zar\u00f3wno do biura, jak i na uroczyste wyj\u015bcia;<\/li>\n\n\n\n<li><strong>du\u017cy kontrast mi\u0119dzy wybiegiem a produkcj\u0105 seryjn\u0105<\/strong> \u2013 modele prezentowane na pokazach by\u0142y znacznie odwa\u017cniejsze ni\u017c te trafiaj\u0105ce do masowej sprzeda\u017cy.<\/li>\n<\/ul>\n\n\n\n<p>W codziennym \u017cyciu dawa\u0142o to niezwyk\u0142y efekt: odzie\u017c spod szyldu \u201eMody Polskiej\u201d nie by\u0142a ani zachodnim luksusem, ani typow\u0105 socjalistyczn\u0105 konfekcj\u0105 robocz\u0105. Ta polska moda, szczeg\u00f3lnie w latach 80., harmonijnie <strong>balansowa\u0142a mi\u0119dzy dwoma \u015bwiatami, co sta\u0142o si\u0119 jej najbardziej rozpoznawalnym wyr\u00f3\u017cnikiem<\/strong>.<\/p>\n\n\n\n<h2 class=\"wp-block-heading\"><span class=\"ez-toc-section\" id=\"Jak_zagraniczne_marki_wyparly_%E2%80%9EMode_Polska%E2%80%9D\"><\/span>Jak zagraniczne marki wypar\u0142y \u201eMod\u0119 Polsk\u0105\u201d?<span class=\"ez-toc-section-end\"><\/span><\/h2>\n\n\n\n<figure class=\"wp-block-image size-full\"><img loading=\"lazy\" decoding=\"async\" width=\"477\" height=\"515\" src=\"https:\/\/cdn.krakowchanka.eu\/wp-content\/uploads\/sites\/44\/2026\/06\/image-71.png\" alt=\"\" class=\"wp-image-7372\" srcset=\"https:\/\/cdn.krakowchanka.eu\/wp-content\/uploads\/sites\/44\/2026\/06\/image-71.png 477w, https:\/\/cdn.krakowchanka.eu\/wp-content\/uploads\/sites\/44\/2026\/06\/image-71-278x300.png 278w\" sizes=\"auto, (max-width: 477px) 100vw, 477px\" \/><\/figure>\n\n\n\n<p>Jako korespondent paryskiego Syndykatu Mody, \u201eModa Polska\u201d organizowa\u0142a pokazy, kt\u00f3re by\u0142y nie tylko prezentacj\u0105 odzie\u017cy, ale i wa\u017cnym wydarzeniem towarzyskim. Przybywano na nie zar\u00f3wno po to, by pozna\u0107 najnowsze trendy w <a href=\"https:\/\/warsawka.eu\/uk\/eternal-5237-koroleva-dostupnoyi-mody-barbara-gulaniczka\" target=\"_blank\" rel=\"noopener\">modzie<\/a>, jak i po to, by po prostu si\u0119 pokaza\u0107. Marka posiada\u0142a niezwykle rozpoznawalny logotyp przedstawiaj\u0105cy jask\u00f3\u0142k\u0119, zaprojektowany przez Jerzego Treutlera. <strong>Neonowy szyld z tym symbolem zdrobi\u0142 elewacje salon\u00f3w i z czasem sta\u0142 si\u0119 synonimem nowoczesno\u015bci<\/strong> \u2013 dowodem na to, \u017ce nawet w trudnych czasach mo\u017cna \u017cy\u0107 stylowo.<\/p>\n\n\n\n<p>\u201eModa Polska\u201d zako\u0144czy\u0142a swoj\u0105 dzia\u0142alno\u015b\u0107 w 1998 roku. Po przej\u015bciu na gospodark\u0119 rynkow\u0105 firma nie zdo\u0142a\u0142a odnale\u017a\u0107 si\u0119 w nowej rzeczywisto\u015bci, poniewa\u017c zosta\u0142a skrojona pod zupe\u0142nie inny system, oparty na pa\u0144stwowym mecenacie. Transformacja ustrojowa i nap\u0142yw zachodnich marek w latach 90. radykalnie zmieni\u0142y oczekiwania konsument\u00f3w. \u201eModa Polska\u201d stopniowo tracia\u0142a klient\u00f3w, a\u017c w ko\u0144cu jej salony znikn\u0119\u0142y z map Krakowa, Warszawy i innych polskich miast. Mimo to w historii zapisa\u0142a si\u0119 jako <strong>pi\u0119kny symbol europejskiego szyku oraz nieustannego d\u0105\u017cenia Polek do elegancji i pi\u0119kna<\/strong>, niezale\u017cnie od panuj\u0105cych warunk\u00f3w.<\/p>\n","protected":false},"excerpt":{"rendered":"<p>Wi\u0119kszo\u015b\u0107 mieszka\u0144c\u00f3w Krakowa kojarzy Polsk\u0119 Ludow\u0105 z pustymi p\u00f3\u0142kami, nieko\u0144cz\u0105cymi si\u0119 kolejkami i ci\u0105g\u0142ym \u201epolowaniem\u201d na podstawowe artyku\u0142y codziennego u\u017cytku. By\u0142a jednak i druga strona medalu. Po II wojnie \u015bwiatowej kraj zacz\u0105\u0142 uwa\u017cniej spogl\u0105da\u0107 na Zach\u00f3d \u2013 nie tylko przez pryzmat polityki czy gospodarki, ale r\u00f3wnie\u017c poprzez codzienn\u0105 proz\u0119 \u017cycia. Co wi\u0119cej, w kraju zacz\u0119\u0142y [&hellip;]<\/p>\n","protected":false},"author":420,"featured_media":7355,"comment_status":"open","ping_status":"open","sticky":false,"template":"","format":"standard","meta":{"footnotes":""},"categories":[1033],"tags":[1788,4636,4646,4645,4641,4635,4643,4644,4621,4642,4640,4639,4638,4637,4647],"moimportance":[34,33],"motype":[1042],"moformat":[127],"class_list":{"0":"post-7399","1":"post","2":"type-post","3":"status-publish","4":"format-standard","5":"has-post-thumbnail","7":"category-styl-i-uroda","8":"tag-historia-mody","9":"tag-jadwiga-grabowska","10":"tag-jaskolka-mody-polskiej","11":"tag-jerzy-treutler","12":"tag-kaja-mirecka-ploss","13":"tag-krakow-w-prl","14":"tag-kultura-prl","15":"tag-luksus-w-prl","16":"tag-moda-polska","17":"tag-moda-prl","18":"tag-nowa-huta","19":"tag-plac-centralny","20":"tag-polskie-marki","21":"tag-prl","22":"tag-warszawa-marszalkowska","23":"moimportance-golovna-novina","24":"moimportance-retranslyacziya-v-agregatori","25":"motype-eternal","26":"moformat-longrid-korotka"},"_links":{"self":[{"href":"https:\/\/krakowchanka.eu\/pl\/wp-json\/wp\/v2\/posts\/7399","targetHints":{"allow":["GET"]}}],"collection":[{"href":"https:\/\/krakowchanka.eu\/pl\/wp-json\/wp\/v2\/posts"}],"about":[{"href":"https:\/\/krakowchanka.eu\/pl\/wp-json\/wp\/v2\/types\/post"}],"author":[{"embeddable":true,"href":"https:\/\/krakowchanka.eu\/pl\/wp-json\/wp\/v2\/users\/420"}],"replies":[{"embeddable":true,"href":"https:\/\/krakowchanka.eu\/pl\/wp-json\/wp\/v2\/comments?post=7399"}],"version-history":[{"count":1,"href":"https:\/\/krakowchanka.eu\/pl\/wp-json\/wp\/v2\/posts\/7399\/revisions"}],"predecessor-version":[{"id":7400,"href":"https:\/\/krakowchanka.eu\/pl\/wp-json\/wp\/v2\/posts\/7399\/revisions\/7400"}],"wp:featuredmedia":[{"embeddable":true,"href":"https:\/\/krakowchanka.eu\/pl\/wp-json\/wp\/v2\/media\/7355"}],"wp:attachment":[{"href":"https:\/\/krakowchanka.eu\/pl\/wp-json\/wp\/v2\/media?parent=7399"}],"wp:term":[{"taxonomy":"category","embeddable":true,"href":"https:\/\/krakowchanka.eu\/pl\/wp-json\/wp\/v2\/categories?post=7399"},{"taxonomy":"post_tag","embeddable":true,"href":"https:\/\/krakowchanka.eu\/pl\/wp-json\/wp\/v2\/tags?post=7399"},{"taxonomy":"moimportance","embeddable":true,"href":"https:\/\/krakowchanka.eu\/pl\/wp-json\/wp\/v2\/moimportance?post=7399"},{"taxonomy":"motype","embeddable":true,"href":"https:\/\/krakowchanka.eu\/pl\/wp-json\/wp\/v2\/motype?post=7399"},{"taxonomy":"moformat","embeddable":true,"href":"https:\/\/krakowchanka.eu\/pl\/wp-json\/wp\/v2\/moformat?post=7399"}],"curies":[{"name":"wp","href":"https:\/\/api.w.org\/{rel}","templated":true}]}}